{"id":1301,"date":"2012-05-24T16:20:18","date_gmt":"2012-05-24T15:20:18","guid":{"rendered":"http:\/\/chrs.cieq.ca\/?p=1301"},"modified":"2017-02-19T16:27:32","modified_gmt":"2017-02-19T15:27:32","slug":"le-professeur-jean-francois-lae-est-linvite-du-chrs","status":"publish","type":"post","link":"https:\/\/chrs-test.uqam.ca\/index.php\/2012\/05\/24\/le-professeur-jean-francois-lae-est-linvite-du-chrs\/","title":{"rendered":"Le professeur Jean-Fran\u00e7ois La\u00e9 est l&rsquo;invit\u00e9 du CHRS"},"content":{"rendered":"<p class=\"p1\"><img loading=\"lazy\" decoding=\"async\" class=\"size-medium wp-image-1302 alignleft\" src=\"http:\/\/chrs.cieq.ca\/wp-content\/uploads\/2017\/02\/AFFICHE_LAE-182x300.jpg\" alt=\"\" width=\"182\" height=\"300\" srcset=\"https:\/\/chrs-test.uqam.ca\/wp-content\/uploads\/2017\/02\/AFFICHE_LAE-182x300.jpg 182w, https:\/\/chrs-test.uqam.ca\/wp-content\/uploads\/2017\/02\/AFFICHE_LAE-768x1265.jpg 768w, https:\/\/chrs-test.uqam.ca\/wp-content\/uploads\/2017\/02\/AFFICHE_LAE-622x1024.jpg 622w, https:\/\/chrs-test.uqam.ca\/wp-content\/uploads\/2017\/02\/AFFICHE_LAE.jpg 1700w\" sizes=\"auto, (max-width: 182px) 100vw, 182px\" \/><\/p>\n<p class=\"p1\"><span class=\"s1\"><a href=\"http:\/\/www2.univ-paris8.fr\/sociologie\/?page_id=14\">Jean-Fran\u00e7ois La\u00e9<\/a><\/span><span class=\"s2\">, professeur au <a href=\"http:\/\/www2.univ-paris8.fr\/sociologie\/\"><span class=\"s1\">d\u00e9partement de sociologie de l&rsquo;Universit\u00e9 Paris 8 (Vincennes-Saint-Denis)<\/span><\/a> a \u00e9t\u00e9 invit\u00e9 par le CHRS \u00e0 donner une conf\u00e9rence intitul\u00e9e \u00ab L&rsquo;archive ordinaire. Un agenda nous parle de quoi? \u00bb le 5 juin 2012 \u00e0 16h \u00e0 la micro-brasserie <a href=\"http:\/\/www.amereaboire.com\/\"><span class=\"s1\">L&rsquo;am\u00e8re \u00e0 boire<\/span><\/a>.\u00a0<\/span><\/p>\n<p class=\"p2\"><a href=\"http:\/\/chrs.cieq.ca\/wp-content\/uploads\/2017\/02\/AFFICHE_LAE.pdf\"><span class=\"s2\">T\u00e9l\u00e9chargez ici l&rsquo;affiche de l&rsquo;\u00e9v\u00e9nement<\/span><\/a><\/p>\n<p class=\"p2\">\n<p class=\"p2\">\n<p class=\"p4\"><span class=\"s2\">Le professeur La\u00e9 a notamment d\u00e9fendu, lors de sa conf\u00e9rence, l&rsquo;id\u00e9e selon laquelle les classements des figures d&rsquo;archives sont des effets de pouvoir, en s&rsquo;appuyant sur l&rsquo;exemple d&rsquo;agendas d&rsquo;un ouvrier de Cherbourg.<\/span><\/p>\n<p class=\"p4\"><img loading=\"lazy\" decoding=\"async\" class=\"size-full wp-image-812 alignleft\" src=\"http:\/\/chrs.cieq.ca\/wp-content\/uploads\/2017\/02\/lae_0.gif\" alt=\"\" width=\"169\" height=\"200\" \/><\/p>\n<p class=\"p4\"><span class=\"s2\">Lieu : Micro-brasserie <a href=\"http:\/\/www.amereaboire.com\/\"><span class=\"s1\">L&rsquo;am\u00e8re \u00e0 boire<\/span><\/a>, 2049 Rue Saint-Denis, 3e \u00e9tage<\/span><\/p>\n<p class=\"p4\"><span class=\"s2\">Date : mardi le 5 juin \u00e0 16h<\/span><\/p>\n","protected":false},"excerpt":{"rendered":"<p>Jean-Fran\u00e7ois La\u00e9, professeur au d\u00e9partement de sociologie de l&rsquo;Universit\u00e9 Paris 8 (Vincennes-Saint-Denis) a \u00e9t\u00e9 invit\u00e9 par le CHRS \u00e0 donner une conf\u00e9rence intitul\u00e9e \u00ab L&rsquo;archive ordinaire. Un agenda nous parle&#8230;<\/p>\n","protected":false},"author":3,"featured_media":812,"comment_status":"open","ping_status":"open","sticky":false,"template":"","format":"standard","meta":{"_monsterinsights_skip_tracking":false,"_monsterinsights_sitenote_active":false,"_monsterinsights_sitenote_note":"","_monsterinsights_sitenote_category":0,"footnotes":""},"categories":[5],"tags":[],"class_list":["post-1301","post","type-post","status-publish","format-standard","has-post-thumbnail","hentry","category-colloques-et-conferences"],"_links":{"self":[{"href":"https:\/\/chrs-test.uqam.ca\/index.php\/wp-json\/wp\/v2\/posts\/1301","targetHints":{"allow":["GET"]}}],"collection":[{"href":"https:\/\/chrs-test.uqam.ca\/index.php\/wp-json\/wp\/v2\/posts"}],"about":[{"href":"https:\/\/chrs-test.uqam.ca\/index.php\/wp-json\/wp\/v2\/types\/post"}],"author":[{"embeddable":true,"href":"https:\/\/chrs-test.uqam.ca\/index.php\/wp-json\/wp\/v2\/users\/3"}],"replies":[{"embeddable":true,"href":"https:\/\/chrs-test.uqam.ca\/index.php\/wp-json\/wp\/v2\/comments?post=1301"}],"version-history":[{"count":0,"href":"https:\/\/chrs-test.uqam.ca\/index.php\/wp-json\/wp\/v2\/posts\/1301\/revisions"}],"wp:featuredmedia":[{"embeddable":true,"href":"https:\/\/chrs-test.uqam.ca\/index.php\/wp-json\/wp\/v2\/media\/812"}],"wp:attachment":[{"href":"https:\/\/chrs-test.uqam.ca\/index.php\/wp-json\/wp\/v2\/media?parent=1301"}],"wp:term":[{"taxonomy":"category","embeddable":true,"href":"https:\/\/chrs-test.uqam.ca\/index.php\/wp-json\/wp\/v2\/categories?post=1301"},{"taxonomy":"post_tag","embeddable":true,"href":"https:\/\/chrs-test.uqam.ca\/index.php\/wp-json\/wp\/v2\/tags?post=1301"}],"curies":[{"name":"wp","href":"https:\/\/api.w.org\/{rel}","templated":true}]}}