{"id":1601,"date":"2010-07-01T20:14:09","date_gmt":"2010-07-01T19:14:09","guid":{"rendered":"http:\/\/chrs.cieq.ca\/?p=1601"},"modified":"2018-07-05T11:55:01","modified_gmt":"2018-07-05T15:55:01","slug":"libre-opinion-la-revolution-tranquille-est-elle-un-bloc-dautres-reponses","status":"publish","type":"post","link":"https:\/\/chrs-test.uqam.ca\/index.php\/2010\/07\/01\/libre-opinion-la-revolution-tranquille-est-elle-un-bloc-dautres-reponses\/","title":{"rendered":"Libre opinion &#8211; La R\u00e9volution tranquille est-elle un bloc? D&rsquo;autres r\u00e9ponses&#8230;"},"content":{"rendered":"<p class=\"p1\"><span class=\"s1\">Un article de <a href=\"http:\/\/chrs.cieq.ca\/index.php\/a-propos\/equipe\/membres-reguliers\/martin-petitclerc\/\">Martin Petitclerc<\/a> publi\u00e9 dans le Devoir du 28 juin 2010<\/span><\/p>\n<p class=\"p2\"><span class=\"s1\">Dans cet article, <a href=\"http:\/\/chrs.cieq.ca\/index.php\/a-propos\/equipe\/membres-reguliers\/martin-petitclerc\/\">Martin Petitclerc<\/a> r\u00e9pond au texte d\u2019\u00c9ric B\u00e9dard paru dans le m\u00eame journal quelques jours auparavant. Petitclerc, contrairement \u00e0 B\u00e9dard, d\u00e9sire souligner le riche h\u00e9ritage laiss\u00e9 par les mouvements sociaux \u00e0 la suite de la R\u00e9volution tranquille.<\/span><\/p>\n<p class=\"p2\"><span class=\"s1\"><img loading=\"lazy\" decoding=\"async\" class=\"size-full wp-image-1602 alignleft\" src=\"http:\/\/chrs.cieq.ca\/wp-content\/uploads\/2017\/02\/mpetitclerc.gif\" alt=\"\" width=\"120\" height=\"170\" \/><\/span><\/p>\n<p class=\"p2\"><span class=\"s1\">Martin Petitclerc, \u00ab Libre opinion &#8211; La R\u00e9volution tranquille est-elle un bloc? D&rsquo;autres r\u00e9ponses&#8230; \u00bb, 28 juin 2010, Le Devoir, URL : <a href=\"http:\/\/www.ledevoir.com\/societe\/actualites-en-societe\/291645\/libre-opinion-la-revolution-tranquille-est-elle-un-bloc-d-autres-reponses\"><span class=\"s2\">http:\/\/www.ledevoir.com\/societe\/actualites-en-societe\/291645\/libre-opinion-la-revolution-tranquille-est-elle-un-bloc-d-autres-reponses<\/span><\/a><\/span><\/p>\n","protected":false},"excerpt":{"rendered":"<p>Un article de Martin Petitclerc publi\u00e9 dans le Devoir du 28 juin 2010 Dans cet article, Martin Petitclerc r\u00e9pond au texte d\u2019\u00c9ric B\u00e9dard paru dans le m\u00eame journal quelques jours&#8230;<\/p>\n","protected":false},"author":3,"featured_media":1602,"comment_status":"open","ping_status":"open","sticky":false,"template":"","format":"standard","meta":{"_monsterinsights_skip_tracking":false,"_monsterinsights_sitenote_active":false,"_monsterinsights_sitenote_note":"","_monsterinsights_sitenote_category":0,"footnotes":""},"categories":[11],"tags":[13],"class_list":["post-1601","post","type-post","status-publish","format-standard","has-post-thumbnail","hentry","category-publications","tag-martin-petitclerc"],"_links":{"self":[{"href":"https:\/\/chrs-test.uqam.ca\/index.php\/wp-json\/wp\/v2\/posts\/1601","targetHints":{"allow":["GET"]}}],"collection":[{"href":"https:\/\/chrs-test.uqam.ca\/index.php\/wp-json\/wp\/v2\/posts"}],"about":[{"href":"https:\/\/chrs-test.uqam.ca\/index.php\/wp-json\/wp\/v2\/types\/post"}],"author":[{"embeddable":true,"href":"https:\/\/chrs-test.uqam.ca\/index.php\/wp-json\/wp\/v2\/users\/3"}],"replies":[{"embeddable":true,"href":"https:\/\/chrs-test.uqam.ca\/index.php\/wp-json\/wp\/v2\/comments?post=1601"}],"version-history":[{"count":0,"href":"https:\/\/chrs-test.uqam.ca\/index.php\/wp-json\/wp\/v2\/posts\/1601\/revisions"}],"wp:featuredmedia":[{"embeddable":true,"href":"https:\/\/chrs-test.uqam.ca\/index.php\/wp-json\/wp\/v2\/media\/1602"}],"wp:attachment":[{"href":"https:\/\/chrs-test.uqam.ca\/index.php\/wp-json\/wp\/v2\/media?parent=1601"}],"wp:term":[{"taxonomy":"category","embeddable":true,"href":"https:\/\/chrs-test.uqam.ca\/index.php\/wp-json\/wp\/v2\/categories?post=1601"},{"taxonomy":"post_tag","embeddable":true,"href":"https:\/\/chrs-test.uqam.ca\/index.php\/wp-json\/wp\/v2\/tags?post=1601"}],"curies":[{"name":"wp","href":"https:\/\/api.w.org\/{rel}","templated":true}]}}