{"id":558,"date":"2015-06-02T22:04:18","date_gmt":"2015-06-02T21:04:18","guid":{"rendered":"http:\/\/chrs.cieq.ca\/?p=558"},"modified":"2017-05-03T16:42:20","modified_gmt":"2017-05-03T20:42:20","slug":"une-journee-detudes-qui-se-termine-en-beaute","status":"publish","type":"post","link":"https:\/\/chrs-test.uqam.ca\/index.php\/2015\/06\/02\/une-journee-detudes-qui-se-termine-en-beaute\/","title":{"rendered":"Une journ\u00e9e d&rsquo;\u00e9tudes qui se termine en beaut\u00e9!"},"content":{"rendered":"<p class=\"p1\"><span class=\"s1\"><img loading=\"lazy\" decoding=\"async\" class=\"size-medium wp-image-1398 alignleft\" src=\"\/wp-content\/uploads\/2015\/06\/logo_iusmm-300x240.jpg\" alt=\"\" width=\"300\" height=\"240\" srcset=\"https:\/\/chrs-test.uqam.ca\/wp-content\/uploads\/2015\/06\/logo_iusmm-300x240.jpg 300w, https:\/\/chrs-test.uqam.ca\/wp-content\/uploads\/2015\/06\/logo_iusmm.jpg 400w\" sizes=\"auto, (max-width: 300px) 100vw, 300px\" \/>Le 2 juin dernier avait lieu \u00e0 l&rsquo;Institut universitaire en sant\u00e9 mentale de Montr\u00e9al (IUSMM, anciennement H\u00f4pital Louis-H.-Lafontaine) la journ\u00e9e d&rsquo;\u00e9tudes intitul\u00e9e \u00ab<a href=\"http:\/\/www.iusmm.ca\/dans-les-medias\/temoin-de-lhistoire-de-la-folie.html\"><span class=\"s2\">T\u00e9moins de l&rsquo;histoire de la folie<\/span><\/a>\u00bb. La journ\u00e9e \u00e9tait co-organis\u00e9e par <a href=\"\/index.php\/a-propos\/equipe\/membres-reguliers\/marie-claude-thifault\/\"><span class=\"s2\">Marie-Claude Thifault<\/span><\/a> et <a href=\"\/index.php\/a-propos\/equipe\/membres-reguliers\/isabelle-perreault\/\"><span class=\"s2\">Isabelle Perreault<\/span><\/a>, chercheures CHRS.<\/span><\/p>\n<p class=\"p1\"><span class=\"s1\">Y ont pr\u00e9sent\u00e9 :<\/span><\/p>\n<p class=\"p1\"><span class=\"s1\">ARTI\u00c8RES, Philippe (CNRS, Paris)<\/span><\/p>\n<p class=\"p1\"><span class=\"s1\">AUBIN, Karine (ULaval)<\/span><\/p>\n<p class=\"p1\"><span class=\"s1\">BOLDUC, Christine-Jo\u00eblle (Archives IUSMM)<\/span><\/p>\n<p class=\"p1\"><span class=\"s1\">CHAMPAGNE, Denise (Archives IUSMM)<\/span><\/p>\n<p class=\"p1\"><span class=\"s1\">FERRETTI, Lucia (UQTR)<\/span><\/p>\n<p class=\"p1\"><span class=\"s1\">GUILLEMAIN, Herv\u00e9 (Universit\u00e9 du Maine, Le Mans)<\/span><\/p>\n<p class=\"p2\"><span class=\"s1\">HARRISSON, Sandra<\/span><span class=\"s2\"> (UQTR)<\/span><\/p>\n<p class=\"p1\"><span class=\"s1\">MAJERUS, Benoit (Universit\u00e9 du Luxembourg)<\/span><\/p>\n<p class=\"p3\"><span class=\"s3\">MASSIN, Veerle<\/span><span class=\"s1\"> (Universit\u00e9 catholique de Louvain)<\/span><\/p>\n<p class=\"p1\"><span class=\"s1\">MOYA, Valentina (UOttawa)<\/span><\/p>\n<p class=\"p1\"><span class=\"s1\">PRUD&rsquo;HOMME, Denis (H\u00f4pital Montfort)<\/span><\/p>\n<p class=\"p2\"><span class=\"s1\">THIFAULT, Marie-Claud<a href=\"https:\/\/chrs-test.uqam.ca\/marie-claude-thifault\">e<\/a><\/span><span class=\"s2\"> (UOttawa)<\/span><\/p>\n<p class=\"p1\"><span class=\"s1\">WRIGHT, David (McGill)<\/span><\/p>\n<p class=\"p1\"><span class=\"s1\">Les affiches scientifiques :<\/span><\/p>\n<p class=\"p1\"><span class=\"s1\">BRUYNINX, Gladys et Nicolas MACCORDICK (UOttawa)<\/span><\/p>\n<p class=\"p1\"><span class=\"s1\">GAGNON, Christine (UOttawa)<\/span><\/p>\n<p class=\"p1\"><span class=\"s1\">PELLETIER-AUDET, Alexandre (UOttawa)<\/span><\/p>\n<p class=\"p1\"><span class=\"s1\">PROVEN\u00c7AL-GAUTHIER, \u00c9lodie (UOttawa)<\/span><\/p>\n<p class=\"p1\"><span class=\"s1\">SAUMURE, Isabelle (UOttawa)<\/span><\/p>\n<p class=\"p1\"><span class=\"s1\">STOIMENOFF BRITO, Luciana (University of Brasilia)<\/span><\/p>\n<p class=\"p1\"><span class=\"s1\">ST-PIERRE, Vincent (ULaval)<\/span><\/p>\n<p class=\"p1\"><span class=\"s1\">Comit\u00e9 organisateur :<\/span><\/p>\n<p class=\"p1\"><span class=\"s1\">DORVIL, Henri<\/span><\/p>\n<p class=\"p1\"><span class=\"s1\">KLEIN, Alexandre<\/span><\/p>\n<p class=\"p1\"><span class=\"s1\">LESAGE, Alain<\/span><\/p>\n<p class=\"p1\"><span class=\"s1\">NEAGU, Marcela<\/span><\/p>\n<p class=\"p2\"><span class=\"s1\">PERREAULT, Isabelle<\/span><\/p>\n<p class=\"p2\"><span class=\"s1\">THIFAULT, Marie-Claude<\/span><\/p>\n<p class=\"p1\"><span class=\"s1\">Les communications et affiches seront bient\u00f4t disponibles en ligne sur le <a href=\"http:\/\/www.iusmm.ca\/\"><span class=\"s3\">site de l&rsquo;IUSMM<\/span><\/a>.<\/span><\/p>\n<p class=\"p1\"><span class=\"s1\">Merci et f\u00e9licitations \u00e0 l&rsquo;\u00e9quipe pour l&rsquo;organisation, et au plaisir! \ud83d\ude42<\/span><\/p>\n","protected":false},"excerpt":{"rendered":"<p>Le 2 juin dernier avait lieu \u00e0 l&rsquo;Institut universitaire en sant\u00e9 mentale de Montr\u00e9al (IUSMM, anciennement H\u00f4pital Louis-H.-Lafontaine) la journ\u00e9e d&rsquo;\u00e9tudes intitul\u00e9e \u00abT\u00e9moins de l&rsquo;histoire de la folie\u00bb. La journ\u00e9e&#8230;<\/p>\n","protected":false},"author":3,"featured_media":1398,"comment_status":"closed","ping_status":"closed","sticky":false,"template":"","format":"standard","meta":{"_monsterinsights_skip_tracking":false,"_monsterinsights_sitenote_active":false,"_monsterinsights_sitenote_note":"","_monsterinsights_sitenote_category":0,"footnotes":""},"categories":[5],"tags":[17,14],"class_list":["post-558","post","type-post","status-publish","format-standard","has-post-thumbnail","hentry","category-colloques-et-conferences","tag-isabelle-perreault","tag-marie-claude-thifault"],"_links":{"self":[{"href":"https:\/\/chrs-test.uqam.ca\/index.php\/wp-json\/wp\/v2\/posts\/558","targetHints":{"allow":["GET"]}}],"collection":[{"href":"https:\/\/chrs-test.uqam.ca\/index.php\/wp-json\/wp\/v2\/posts"}],"about":[{"href":"https:\/\/chrs-test.uqam.ca\/index.php\/wp-json\/wp\/v2\/types\/post"}],"author":[{"embeddable":true,"href":"https:\/\/chrs-test.uqam.ca\/index.php\/wp-json\/wp\/v2\/users\/3"}],"replies":[{"embeddable":true,"href":"https:\/\/chrs-test.uqam.ca\/index.php\/wp-json\/wp\/v2\/comments?post=558"}],"version-history":[{"count":0,"href":"https:\/\/chrs-test.uqam.ca\/index.php\/wp-json\/wp\/v2\/posts\/558\/revisions"}],"wp:featuredmedia":[{"embeddable":true,"href":"https:\/\/chrs-test.uqam.ca\/index.php\/wp-json\/wp\/v2\/media\/1398"}],"wp:attachment":[{"href":"https:\/\/chrs-test.uqam.ca\/index.php\/wp-json\/wp\/v2\/media?parent=558"}],"wp:term":[{"taxonomy":"category","embeddable":true,"href":"https:\/\/chrs-test.uqam.ca\/index.php\/wp-json\/wp\/v2\/categories?post=558"},{"taxonomy":"post_tag","embeddable":true,"href":"https:\/\/chrs-test.uqam.ca\/index.php\/wp-json\/wp\/v2\/tags?post=558"}],"curies":[{"name":"wp","href":"https:\/\/api.w.org\/{rel}","templated":true}]}}