{"id":632,"date":"2015-01-20T19:50:12","date_gmt":"2015-01-20T18:50:12","guid":{"rendered":"http:\/\/chrs.cieq.ca\/?p=632"},"modified":"2017-05-03T20:49:15","modified_gmt":"2017-05-04T00:49:15","slug":"catherine-larochelle-presentera-une-conference-au-musee-des-beaux-arts","status":"publish","type":"post","link":"https:\/\/chrs-test.uqam.ca\/index.php\/2015\/01\/20\/catherine-larochelle-presentera-une-conference-au-musee-des-beaux-arts\/","title":{"rendered":"Catherine Larochelle pr\u00e9sentera une conf\u00e9rence au Mus\u00e9e des Beaux-Arts"},"content":{"rendered":"<p class=\"p1\">\n<p class=\"p1\"><span class=\"s1\"><img loading=\"lazy\" decoding=\"async\" class=\"wp-image-1726 size-thumbnail alignright\" src=\"\/wp-content\/uploads\/2015\/01\/cddbb147272637.58756f8a66a25-150x150.jpg\" width=\"150\" height=\"150\" \/>Catherine Larochelle<a href=\"https:\/\/chrs-test.uqam.ca\/catherine-larochelle\"><\/a><\/span><span class=\"s2\">, qui a compl\u00e9t\u00e9 sa <a href=\"http:\/\/www.archipel.uqam.ca\/5398\/\"><span class=\"s1\">ma\u00eetrise en histoire<\/span><\/a> \u00e0 l&rsquo;UQAM (dir. <a href=\"\/index.php\/a-propos\/equipe\/membres-reguliers\/jean-marie-fecteau\/\">Jean-Marie Fecteau<\/a>) tout en travaillant comme assistante de recherche au CHRS, pr\u00e9sentera une conf\u00e9rence au Mus\u00e9e des Beaux-Arts de Montr\u00e9al le mercredi 11 mars prochain. Sa pr\u00e9sentation s&rsquo;intitulera \u00abDu fantasme culturel \u00e0 la r\u00e9alit\u00e9 coloniale : l&rsquo;Orient et l&rsquo;imp\u00e9rialisme europ\u00e9en\u00bb et prendra place dans la programmation entourant l&rsquo;exposition Merveilles et mirages de l&rsquo;orientalisme (Benjamin Constant) dans la s\u00e9rie Droit sur l&rsquo;art. Elle poursuit par ailleurs ses \u00e9tudes doctorales en histoire \u00e0 l&rsquo;Universit\u00e9 de Montr\u00e9al.<\/span><\/p>\n<p class=\"p2\"><span class=\"s2\">Pour un aper\u00e7u de la programmation, <a href=\"https:\/\/www.mbam.qc.ca\/quoi-faire\/activite\/serie-droit-sur-lart-la-representation\/\"><span class=\"s1\">cliquez ici<\/span><\/a>.<\/span><\/p>\n<p class=\"p2\"><span class=\"s2\">L&rsquo;entr\u00e9e y sera gratuite et ouverte au public.<\/span><\/p>\n","protected":false},"excerpt":{"rendered":"<p>Catherine Larochelle, qui a compl\u00e9t\u00e9 sa ma\u00eetrise en histoire \u00e0 l&rsquo;UQAM (dir. Jean-Marie Fecteau) tout en travaillant comme assistante de recherche au CHRS, pr\u00e9sentera une conf\u00e9rence au Mus\u00e9e des Beaux-Arts&#8230;<\/p>\n","protected":false},"author":3,"featured_media":1726,"comment_status":"closed","ping_status":"closed","sticky":false,"template":"","format":"standard","meta":{"_monsterinsights_skip_tracking":false,"_monsterinsights_sitenote_active":false,"_monsterinsights_sitenote_note":"","_monsterinsights_sitenote_category":0,"footnotes":""},"categories":[5],"tags":[43],"class_list":["post-632","post","type-post","status-publish","format-standard","has-post-thumbnail","hentry","category-colloques-et-conferences","tag-catherine-larochelle"],"_links":{"self":[{"href":"https:\/\/chrs-test.uqam.ca\/index.php\/wp-json\/wp\/v2\/posts\/632","targetHints":{"allow":["GET"]}}],"collection":[{"href":"https:\/\/chrs-test.uqam.ca\/index.php\/wp-json\/wp\/v2\/posts"}],"about":[{"href":"https:\/\/chrs-test.uqam.ca\/index.php\/wp-json\/wp\/v2\/types\/post"}],"author":[{"embeddable":true,"href":"https:\/\/chrs-test.uqam.ca\/index.php\/wp-json\/wp\/v2\/users\/3"}],"replies":[{"embeddable":true,"href":"https:\/\/chrs-test.uqam.ca\/index.php\/wp-json\/wp\/v2\/comments?post=632"}],"version-history":[{"count":0,"href":"https:\/\/chrs-test.uqam.ca\/index.php\/wp-json\/wp\/v2\/posts\/632\/revisions"}],"wp:featuredmedia":[{"embeddable":true,"href":"https:\/\/chrs-test.uqam.ca\/index.php\/wp-json\/wp\/v2\/media\/1726"}],"wp:attachment":[{"href":"https:\/\/chrs-test.uqam.ca\/index.php\/wp-json\/wp\/v2\/media?parent=632"}],"wp:term":[{"taxonomy":"category","embeddable":true,"href":"https:\/\/chrs-test.uqam.ca\/index.php\/wp-json\/wp\/v2\/categories?post=632"},{"taxonomy":"post_tag","embeddable":true,"href":"https:\/\/chrs-test.uqam.ca\/index.php\/wp-json\/wp\/v2\/tags?post=632"}],"curies":[{"name":"wp","href":"https:\/\/api.w.org\/{rel}","templated":true}]}}