{"id":662,"date":"2014-07-04T21:45:18","date_gmt":"2014-07-04T20:45:18","guid":{"rendered":"http:\/\/chrs.cieq.ca\/?p=662"},"modified":"2021-02-11T13:30:31","modified_gmt":"2021-02-11T17:30:31","slug":"ecole-dete-de-methodologie-2014-a-louvain-la-neuve-un-succes","status":"publish","type":"post","link":"https:\/\/chrs-test.uqam.ca\/index.php\/2014\/07\/04\/ecole-dete-de-methodologie-2014-a-louvain-la-neuve-un-succes\/","title":{"rendered":"\u00c9cole d&rsquo;\u00e9t\u00e9 de m\u00e9thodologie 2014 \u00e0 Louvain-la-Neuve: un succ\u00e8s!"},"content":{"rendered":"<p class=\"p1\"><img loading=\"lazy\" decoding=\"async\" class=\"alignnone size-medium wp-image-663\" src=\"\/wp-content\/uploads\/2017\/02\/Photo-groupe-Summer-School-LLN-2014_0-300x209.jpg\" alt=\"\" width=\"300\" height=\"209\" srcset=\"https:\/\/chrs-test.uqam.ca\/wp-content\/uploads\/2017\/02\/Photo-groupe-Summer-School-LLN-2014_0-300x209.jpg 300w, https:\/\/chrs-test.uqam.ca\/wp-content\/uploads\/2017\/02\/Photo-groupe-Summer-School-LLN-2014_0.jpg 450w\" sizes=\"auto, (max-width: 300px) 100vw, 300px\" \/><\/p>\n<p class=\"p1\"><span class=\"s1\">L&rsquo;\u00e9quipe du CHRS, et en particulier <a href=\"\/index.php\/a-propos\/equipe\/membres-reguliers\/guy-cucumel\/\"><span class=\"s2\">Guy Cucumel<\/span><\/a>, en collaboration avec de nombreux centres de recherche europ\u00e9ens, est heureuse d&rsquo;avoir contribu\u00e9 au succ\u00e8s de l&rsquo;\u00e9dition 2014 de l&rsquo;\u00c9cole d&rsquo;\u00e9t\u00e9 de m\u00e9thodologies de la recherche en sciences humaines et sociales. Cette ann\u00e9e, l&rsquo;\u00c9cole d&rsquo;\u00e9t\u00e9 a eu lieu \u00e0 l&rsquo;<a href=\"https:\/\/www.uclouvain.be\/index.html\"><span class=\"s2\">Universit\u00e9 Catholique de Louvain<\/span><\/a>, \u00e0 Louvain-la-Neuve, en Belgique, du 30 juin au 4 juillet.<\/span><\/p>\n<p class=\"p1\"><a href=\"\/wp-content\/uploads\/2014\/07\/annonce-summer-school-2014.pdf\">annonce summer school 2014<\/a><\/p>\n<p class=\"p1\">\n","protected":false},"excerpt":{"rendered":"<p>L&rsquo;\u00e9quipe du CHRS, et en particulier Guy Cucumel, en collaboration avec de nombreux centres de recherche europ\u00e9ens, est heureuse d&rsquo;avoir contribu\u00e9 au succ\u00e8s de l&rsquo;\u00e9dition 2014 de l&rsquo;\u00c9cole d&rsquo;\u00e9t\u00e9 de&#8230;<\/p>\n","protected":false},"author":3,"featured_media":663,"comment_status":"closed","ping_status":"closed","sticky":false,"template":"","format":"standard","meta":{"_monsterinsights_skip_tracking":false,"_monsterinsights_sitenote_active":false,"_monsterinsights_sitenote_note":"","_monsterinsights_sitenote_category":0,"footnotes":""},"categories":[3],"tags":[44],"class_list":["post-662","post","type-post","status-publish","format-standard","has-post-thumbnail","hentry","category-actualites","tag-frederic-vesentini"],"_links":{"self":[{"href":"https:\/\/chrs-test.uqam.ca\/index.php\/wp-json\/wp\/v2\/posts\/662","targetHints":{"allow":["GET"]}}],"collection":[{"href":"https:\/\/chrs-test.uqam.ca\/index.php\/wp-json\/wp\/v2\/posts"}],"about":[{"href":"https:\/\/chrs-test.uqam.ca\/index.php\/wp-json\/wp\/v2\/types\/post"}],"author":[{"embeddable":true,"href":"https:\/\/chrs-test.uqam.ca\/index.php\/wp-json\/wp\/v2\/users\/3"}],"replies":[{"embeddable":true,"href":"https:\/\/chrs-test.uqam.ca\/index.php\/wp-json\/wp\/v2\/comments?post=662"}],"version-history":[{"count":0,"href":"https:\/\/chrs-test.uqam.ca\/index.php\/wp-json\/wp\/v2\/posts\/662\/revisions"}],"wp:featuredmedia":[{"embeddable":true,"href":"https:\/\/chrs-test.uqam.ca\/index.php\/wp-json\/wp\/v2\/media\/663"}],"wp:attachment":[{"href":"https:\/\/chrs-test.uqam.ca\/index.php\/wp-json\/wp\/v2\/media?parent=662"}],"wp:term":[{"taxonomy":"category","embeddable":true,"href":"https:\/\/chrs-test.uqam.ca\/index.php\/wp-json\/wp\/v2\/categories?post=662"},{"taxonomy":"post_tag","embeddable":true,"href":"https:\/\/chrs-test.uqam.ca\/index.php\/wp-json\/wp\/v2\/tags?post=662"}],"curies":[{"name":"wp","href":"https:\/\/api.w.org\/{rel}","templated":true}]}}