{"id":743,"date":"2014-02-04T16:48:38","date_gmt":"2014-02-04T15:48:38","guid":{"rendered":"http:\/\/chrs.cieq.ca\/?p=743"},"modified":"2017-02-28T16:08:30","modified_gmt":"2017-02-28T15:08:30","slug":"martin-petitclerc-et-martin-robert-au-reseau-des-jeunes-de-la-csq","status":"publish","type":"post","link":"https:\/\/chrs-test.uqam.ca\/index.php\/2014\/02\/04\/martin-petitclerc-et-martin-robert-au-reseau-des-jeunes-de-la-csq\/","title":{"rendered":"Martin Petitclerc et Martin Robert au r\u00e9seau des jeunes de la CSQ"},"content":{"rendered":"<p class=\"p1\"><span class=\"s1\"><img loading=\"lazy\" decoding=\"async\" class=\"size-medium wp-image-1783 alignright\" src=\"http:\/\/chrs.cieq.ca\/wp-content\/uploads\/2014\/02\/logo-csq-couleur-193x300.gif\" alt=\"\" width=\"193\" height=\"300\" \/>Le vendredi 31 janvier dernier, <a href=\"http:\/\/chrs.cieq.ca\/index.php\/a-propos\/equipe\/membres-reguliers\/martin-petitclerc\/\"><span class=\"s2\">Martin Petitclerc<\/span><\/a> et <span class=\"s2\">Martin Robert<\/span> ont pr\u00e9sent\u00e9 <span class=\"s2\">leur <a href=\"http:\/\/chrs.cieq.ca\/index.php\/recherche\/realisations\/projets-de-recherche-termines\/\">projet de recherche sur l&rsquo;histoire des lois sp\u00e9ciales au Qu\u00e9bec<\/a><\/span> dans le cadre du <a href=\"http:\/\/www.lacsq.org\/la-csq\/comites\/comite-des-jeunes\/\"><span class=\"s2\">R\u00e9seau des jeunes CSQ<\/span><\/a>. L&rsquo;\u00e9v\u00e9nement, tenu \u00e0 l&rsquo;h\u00f4tel Lord Berri de Montr\u00e9al, r\u00e9unissait une centaine de syndiqu\u00e9s de la CSQ, provenant principalement du milieu de l&rsquo;\u00e9ducation. Une riche p\u00e9riode de discussion sur l&rsquo;exp\u00e9rience des lois sp\u00e9ciales au Qu\u00e9bec et son impact sur la vie syndicale a suivie la pr\u00e9sentation.<\/span><\/p>\n<p class=\"p1\"><span class=\"s1\">Par ailleurs, une entrevue avec les deux chercheurs et portant sur leur projet para\u00eetra dans le prochain num\u00e9ro de Nouvelles CSQ. En outre, Martin Robert a pr\u00e9sent\u00e9 les r\u00e9sultats du projet de recherche lors du <a href=\"http:\/\/www.asse-solidarite.qc.ca\/evenement\/camp-de-formation-de-lasse-du-1-et-2-fevrier-2014\/\"><span class=\"s2\">camp de formation d&rsquo;hiver de l&rsquo;Association pour une solidarit\u00e9 syndicale \u00e9tudiante (ASS\u00c9)<\/span><\/a> le 1er f\u00e9vrier dernier \u00e0 Sherbrooke. Un livre synth\u00e8se sur l&rsquo;histoire des lois sp\u00e9ciales au Qu\u00e9bec (1964-2013) est \u00e9galement en cours de r\u00e9daction.<\/span><\/p>\n","protected":false},"excerpt":{"rendered":"<p>Le vendredi 31 janvier dernier, Martin Petitclerc et Martin Robert ont pr\u00e9sent\u00e9 leur projet de recherche sur l&rsquo;histoire des lois sp\u00e9ciales au Qu\u00e9bec dans le cadre du R\u00e9seau des jeunes&#8230;<\/p>\n","protected":false},"author":3,"featured_media":1783,"comment_status":"open","ping_status":"open","sticky":false,"template":"","format":"standard","meta":{"_monsterinsights_skip_tracking":false,"_monsterinsights_sitenote_active":false,"_monsterinsights_sitenote_note":"","_monsterinsights_sitenote_category":0,"footnotes":""},"categories":[5],"tags":[],"class_list":["post-743","post","type-post","status-publish","format-standard","has-post-thumbnail","hentry","category-colloques-et-conferences"],"_links":{"self":[{"href":"https:\/\/chrs-test.uqam.ca\/index.php\/wp-json\/wp\/v2\/posts\/743","targetHints":{"allow":["GET"]}}],"collection":[{"href":"https:\/\/chrs-test.uqam.ca\/index.php\/wp-json\/wp\/v2\/posts"}],"about":[{"href":"https:\/\/chrs-test.uqam.ca\/index.php\/wp-json\/wp\/v2\/types\/post"}],"author":[{"embeddable":true,"href":"https:\/\/chrs-test.uqam.ca\/index.php\/wp-json\/wp\/v2\/users\/3"}],"replies":[{"embeddable":true,"href":"https:\/\/chrs-test.uqam.ca\/index.php\/wp-json\/wp\/v2\/comments?post=743"}],"version-history":[{"count":0,"href":"https:\/\/chrs-test.uqam.ca\/index.php\/wp-json\/wp\/v2\/posts\/743\/revisions"}],"wp:featuredmedia":[{"embeddable":true,"href":"https:\/\/chrs-test.uqam.ca\/index.php\/wp-json\/wp\/v2\/media\/1783"}],"wp:attachment":[{"href":"https:\/\/chrs-test.uqam.ca\/index.php\/wp-json\/wp\/v2\/media?parent=743"}],"wp:term":[{"taxonomy":"category","embeddable":true,"href":"https:\/\/chrs-test.uqam.ca\/index.php\/wp-json\/wp\/v2\/categories?post=743"},{"taxonomy":"post_tag","embeddable":true,"href":"https:\/\/chrs-test.uqam.ca\/index.php\/wp-json\/wp\/v2\/tags?post=743"}],"curies":[{"name":"wp","href":"https:\/\/api.w.org\/{rel}","templated":true}]}}