{"id":7466,"date":"2020-09-24T12:06:43","date_gmt":"2020-09-24T16:06:43","guid":{"rendered":"https:\/\/chrs.dev.uqam.ca\/?p=7466"},"modified":"2020-09-24T13:05:19","modified_gmt":"2020-09-24T17:05:19","slug":"parution-de-louvrage-question-sociale-et-citoyenneteaux-presses-de-luniversite-du-quebec","status":"publish","type":"post","link":"https:\/\/chrs-test.uqam.ca\/index.php\/2020\/09\/24\/parution-de-louvrage-question-sociale-et-citoyenneteaux-presses-de-luniversite-du-quebec\/","title":{"rendered":"Parution de l&rsquo;ouvrage  <em>Question sociale et citoyennet\u00e9<\/em> aux Presses de l&rsquo;Universit\u00e9 du Qu\u00e9bec"},"content":{"rendered":"\n<p>C&rsquo;est avec grand enthousiasme que l&rsquo;\u00e9quipe annonce la parution de l&rsquo;ouvrage <em>Question sociale et citoyennet\u00e9,&nbsp;La&nbsp;dimension politique des r\u00e9gulations sociales (XIXe-XXIe&nbsp;si\u00e8cles)&nbsp;<\/em>aux Presses de l&rsquo;Universit\u00e9 du Qu\u00e9bec. Sa direction est assur\u00e9e par&nbsp;<a rel=\"noreferrer noopener\" href=\"https:\/\/uqam.us15.list-manage.com\/track\/click?u=8735202acc32296de8f963dd5&amp;id=0255bc80f7&amp;e=bd0336dc50\" target=\"_blank\">Martin Petitclerc<\/a>,&nbsp;<a rel=\"noreferrer noopener\" href=\"https:\/\/uqam.us15.list-manage.com\/track\/click?u=8735202acc32296de8f963dd5&amp;id=c59efc2301&amp;e=bd0336dc50\" target=\"_blank\">Louise Bienvenue<\/a>,&nbsp;<a rel=\"noreferrer noopener\" href=\"https:\/\/uqam.us15.list-manage.com\/track\/click?u=8735202acc32296de8f963dd5&amp;id=88e4714184&amp;e=bd0336dc50\" target=\"_blank\">David Niget<\/a>,&nbsp;<a rel=\"noreferrer noopener\" href=\"https:\/\/uqam.us15.list-manage.com\/track\/click?u=8735202acc32296de8f963dd5&amp;id=0eee3f3195&amp;e=bd0336dc50\" target=\"_blank\">Martin Robert<\/a>,&nbsp;<a rel=\"noreferrer noopener\" href=\"https:\/\/uqam.us15.list-manage.com\/track\/click?u=8735202acc32296de8f963dd5&amp;id=8b1def8c9c&amp;e=bd0336dc50\" target=\"_blank\">Cory Verbauwhede<\/a>, membres du CHRS! <\/p>\n\n\n\n<p><strong><em>\u00c0 propos<\/em><\/strong><\/p>\n\n\n\n<p style=\"background-color:#dae3e7\" class=\"has-background\">Les r\u00e9gimes de citoyennet\u00e9 sont travers\u00e9s par une tension constitutive entre, d\u2019une part, les promesses de libert\u00e9 et d\u2019\u00e9galit\u00e9 et, d\u2019autre part, l\u2019exp\u00e9rience des multiples formes de d\u00e9pendances et d\u2019in\u00e9galit\u00e9s sociales. Cette tension, \u00e0 l\u2019origine de la dynamique particuli\u00e8re des relations de pouvoir dans les d\u00e9mocraties lib\u00e9rales, engendre la production incessante de r\u00e9gulations sociales afin d\u2019assurer la relative coordination de l\u2019agir individuel et collectif.<br><br> Les auteurs et autrices de&nbsp;<a rel=\"noreferrer noopener\" href=\"https:\/\/uqam.us15.list-manage.com\/track\/click?u=8735202acc32296de8f963dd5&amp;id=9e89e928dd&amp;e=bd0336dc50\" target=\"_blank\"><em>Question sociale et citoyennet\u00e9<\/em><\/a>&nbsp;se sont inspir\u00e9s de cette probl\u00e9matique afin de proposer des analyses historiques sur la r\u00e9gulation d\u2019une vari\u00e9t\u00e9 de probl\u00e8mes sociaux au Qu\u00e9bec et en France. Ils et elles invitent plus largement \u00e0 d\u00e9couvrir un territoire fertile pour la recherche, soit celui d\u2019une histoire politique des conflits ayant pour objet le gouvernement du monde social au sein des r\u00e9gimes de citoyennet\u00e9. <br><br>Offrant de nouvelles perspectives de recherche, cet ouvrage int\u00e9ressera tout autant la communaut\u00e9 universitaire que le grand public d\u00e9sirant mieux comprendre l\u2019histoire des politiques sociales et des institutions de prise en charge des in\u00e9galit\u00e9s, des marginalit\u00e9s et des d\u00e9viances.<\/p>\n\n\n\n<p>Pour consulter la liste des contributions et feuilleter l&rsquo;ouvrage, c&rsquo;est par <a rel=\"noreferrer noopener\" aria-label=\"ici (s\u2019ouvre dans un nouvel onglet)\" href=\"https:\/\/www.puq.ca\/catalogue\/livres\/question-sociale-citoyennete-3813.html\" target=\"_blank\">ici<\/a>. <br><\/p>\n\n\n\n<div class=\"wp-block-image\"><figure class=\"aligncenter\"><img loading=\"lazy\" decoding=\"async\" width=\"632\" height=\"947\" src=\"https:\/\/chrs-test.uqam.ca\/wp-content\/uploads\/2020\/09\/question_sociale.png\" alt=\"\" class=\"wp-image-7467\" srcset=\"https:\/\/chrs-test.uqam.ca\/wp-content\/uploads\/2020\/09\/question_sociale.png 632w, https:\/\/chrs-test.uqam.ca\/wp-content\/uploads\/2020\/09\/question_sociale-200x300.png 200w\" sizes=\"auto, (max-width: 632px) 100vw, 632px\" \/><\/figure><\/div>\n","protected":false},"excerpt":{"rendered":"<p>C&rsquo;est avec grand enthousiasme que l&rsquo;\u00e9quipe annonce la parution de l&rsquo;ouvrage Question sociale et citoyennet\u00e9,&nbsp;La&nbsp;dimension politique des r\u00e9gulations sociales (XIXe-XXIe&nbsp;si\u00e8cles)&nbsp;aux Presses de l&rsquo;Universit\u00e9 du Qu\u00e9bec. Sa direction est assur\u00e9e par&nbsp;Martin&#8230;<\/p>\n","protected":false},"author":2,"featured_media":7467,"comment_status":"closed","ping_status":"closed","sticky":false,"template":"","format":"standard","meta":{"_monsterinsights_skip_tracking":false,"_monsterinsights_sitenote_active":false,"_monsterinsights_sitenote_note":"","_monsterinsights_sitenote_category":0,"footnotes":""},"categories":[3,56,11],"tags":[32,30,6,19,4,14,13,33,31],"class_list":["post-7466","post","type-post","status-publish","format-standard","has-post-thumbnail","hentry","category-actualites","category-chercheures","category-publications","tag-benoit-marsan","tag-cory-verbauwhede","tag-david-niget","tag-janice-harvey","tag-louise-bienvenue","tag-marie-claude-thifault","tag-martin-petitclerc","tag-martin-robert","tag-noemie-charest-bourdon"],"_links":{"self":[{"href":"https:\/\/chrs-test.uqam.ca\/index.php\/wp-json\/wp\/v2\/posts\/7466","targetHints":{"allow":["GET"]}}],"collection":[{"href":"https:\/\/chrs-test.uqam.ca\/index.php\/wp-json\/wp\/v2\/posts"}],"about":[{"href":"https:\/\/chrs-test.uqam.ca\/index.php\/wp-json\/wp\/v2\/types\/post"}],"author":[{"embeddable":true,"href":"https:\/\/chrs-test.uqam.ca\/index.php\/wp-json\/wp\/v2\/users\/2"}],"replies":[{"embeddable":true,"href":"https:\/\/chrs-test.uqam.ca\/index.php\/wp-json\/wp\/v2\/comments?post=7466"}],"version-history":[{"count":0,"href":"https:\/\/chrs-test.uqam.ca\/index.php\/wp-json\/wp\/v2\/posts\/7466\/revisions"}],"wp:featuredmedia":[{"embeddable":true,"href":"https:\/\/chrs-test.uqam.ca\/index.php\/wp-json\/wp\/v2\/media\/7467"}],"wp:attachment":[{"href":"https:\/\/chrs-test.uqam.ca\/index.php\/wp-json\/wp\/v2\/media?parent=7466"}],"wp:term":[{"taxonomy":"category","embeddable":true,"href":"https:\/\/chrs-test.uqam.ca\/index.php\/wp-json\/wp\/v2\/categories?post=7466"},{"taxonomy":"post_tag","embeddable":true,"href":"https:\/\/chrs-test.uqam.ca\/index.php\/wp-json\/wp\/v2\/tags?post=7466"}],"curies":[{"name":"wp","href":"https:\/\/api.w.org\/{rel}","templated":true}]}}