{"id":759,"date":"2013-12-20T19:21:34","date_gmt":"2013-12-20T18:21:34","guid":{"rendered":"http:\/\/chrs.cieq.ca\/?p=759"},"modified":"2017-02-06T19:24:43","modified_gmt":"2017-02-06T18:24:43","slug":"veerle-massin-recoit-deux-prix-europeens","status":"publish","type":"post","link":"https:\/\/chrs-test.uqam.ca\/index.php\/2013\/12\/20\/veerle-massin-recoit-deux-prix-europeens\/","title":{"rendered":"Veerle Massin re\u00e7oit deux prix europ\u00e9ens"},"content":{"rendered":"<p class=\"p1\"><img loading=\"lazy\" decoding=\"async\" class=\"alignnone size-medium wp-image-760\" src=\"http:\/\/chrs.cieq.ca\/wp-content\/uploads\/2017\/02\/Veerle-Massin_2-300x300.jpg\" alt=\"\" width=\"300\" height=\"300\" srcset=\"https:\/\/chrs-test.uqam.ca\/wp-content\/uploads\/2017\/02\/Veerle-Massin_2-300x300.jpg 300w, https:\/\/chrs-test.uqam.ca\/wp-content\/uploads\/2017\/02\/Veerle-Massin_2-150x150.jpg 150w, https:\/\/chrs-test.uqam.ca\/wp-content\/uploads\/2017\/02\/Veerle-Massin_2.jpg 480w\" sizes=\"auto, (max-width: 300px) 100vw, 300px\" \/><\/p>\n<p class=\"p1\"><span class=\"s1\">Veerle Massin, <span class=\"s2\">postdoctorante invit\u00e9e<\/span> au CHRS en 2012, a r\u00e9cemment re\u00e7u deux prix pour ses travaux sur l&rsquo;enfermement des jeunes d\u00e9linquantes.<\/span><\/p>\n<p class=\"p2\"><span class=\"s1\">D&rsquo;abord, le <a href=\"http:\/\/www.afc-assoc.org\/?q=node\/29\"><span class=\"s2\">Prix Gabriel Tarde<\/span><\/a> 2013 de l&rsquo;Association fran\u00e7aise de criminologie : mention sp\u00e9ciale du jury pour sa th\u00e8se de doctorat titr\u00e9e Prot\u00e9ger ou exclure? L&rsquo;enfermement des filles perdues de la protection de l&rsquo;enfance \u00e0 Bruges (1920-1965). Puis le <a href=\"http:\/\/www.fmsh.fr\/fr\/c\/4021\"><span class=\"s2\">Prix Herman Diederiks<\/span><\/a> de l&rsquo;<em>International Association for the History of Crime and Criminal Justice<\/em> (IAHCCI) r\u00e9compensant un article \u00e0 para\u00eetre dans le prochain num\u00e9ro de la revue Crime, Histoire et Soci\u00e9t\u00e9s (CHS).<\/span><\/p>\n<p class=\"p2\"><span class=\"s1\">De la part de toute l&rsquo;\u00e9quipe : f\u00e9licitations!<\/span><\/p>\n","protected":false},"excerpt":{"rendered":"<p>Veerle Massin, postdoctorante invit\u00e9e au CHRS en 2012, a r\u00e9cemment re\u00e7u deux prix pour ses travaux sur l&rsquo;enfermement des jeunes d\u00e9linquantes. D&rsquo;abord, le Prix Gabriel Tarde 2013 de l&rsquo;Association fran\u00e7aise&#8230;<\/p>\n","protected":false},"author":3,"featured_media":760,"comment_status":"open","ping_status":"open","sticky":false,"template":"","format":"standard","meta":{"_monsterinsights_skip_tracking":false,"_monsterinsights_sitenote_active":false,"_monsterinsights_sitenote_note":"","_monsterinsights_sitenote_category":0,"footnotes":""},"categories":[3],"tags":[],"class_list":["post-759","post","type-post","status-publish","format-standard","has-post-thumbnail","hentry","category-actualites"],"_links":{"self":[{"href":"https:\/\/chrs-test.uqam.ca\/index.php\/wp-json\/wp\/v2\/posts\/759","targetHints":{"allow":["GET"]}}],"collection":[{"href":"https:\/\/chrs-test.uqam.ca\/index.php\/wp-json\/wp\/v2\/posts"}],"about":[{"href":"https:\/\/chrs-test.uqam.ca\/index.php\/wp-json\/wp\/v2\/types\/post"}],"author":[{"embeddable":true,"href":"https:\/\/chrs-test.uqam.ca\/index.php\/wp-json\/wp\/v2\/users\/3"}],"replies":[{"embeddable":true,"href":"https:\/\/chrs-test.uqam.ca\/index.php\/wp-json\/wp\/v2\/comments?post=759"}],"version-history":[{"count":0,"href":"https:\/\/chrs-test.uqam.ca\/index.php\/wp-json\/wp\/v2\/posts\/759\/revisions"}],"wp:featuredmedia":[{"embeddable":true,"href":"https:\/\/chrs-test.uqam.ca\/index.php\/wp-json\/wp\/v2\/media\/760"}],"wp:attachment":[{"href":"https:\/\/chrs-test.uqam.ca\/index.php\/wp-json\/wp\/v2\/media?parent=759"}],"wp:term":[{"taxonomy":"category","embeddable":true,"href":"https:\/\/chrs-test.uqam.ca\/index.php\/wp-json\/wp\/v2\/categories?post=759"},{"taxonomy":"post_tag","embeddable":true,"href":"https:\/\/chrs-test.uqam.ca\/index.php\/wp-json\/wp\/v2\/tags?post=759"}],"curies":[{"name":"wp","href":"https:\/\/api.w.org\/{rel}","templated":true}]}}