{"id":8545,"date":"2020-10-30T11:47:05","date_gmt":"2020-10-30T15:47:05","guid":{"rendered":"https:\/\/chrs.dev.uqam.ca\/?p=8545"},"modified":"2020-11-01T10:29:14","modified_gmt":"2020-11-01T14:29:14","slug":"des-membres-etudiants-presentent-leur-recherche-en-180-secondes","status":"publish","type":"post","link":"https:\/\/chrs-test.uqam.ca\/index.php\/2020\/10\/30\/des-membres-etudiants-presentent-leur-recherche-en-180-secondes\/","title":{"rendered":"Des membres \u00e9tudiants pr\u00e9sentent leur recherche en 180 secondes"},"content":{"rendered":"\n<p>Un peu plus t\u00f4t ce mois-ci, l&rsquo;Institut d&rsquo;histoire de l&rsquo;Am\u00e9rique fran\u00e7aise a convi\u00e9 des \u00e9tudiants et \u00e9tudiantes \u00e0 pr\u00e9senter leur recherche en 180 secondes. Parmi ces contributions, nous retrouvons trois de nos membres.<\/p>\n\n\n\n<p>Julie Francoeur, candidate au doctorat en histoire \u00e0 l&rsquo;Universit\u00e9 Laval, sous la co-direction de Donald Fyson et de Joanne Daigle, a pr\u00e9sent\u00e9 son projet de th\u00e8se \u00abTransformer les  \u00ab\u00a0femmes perdues\u00a0\u00bb en \u00ab\u00a0Madeleines\u00a0\u00bb : les institutions de r\u00e9forme pour femmes tenues par les communaut\u00e9s du Bon-Pasteur \u00e0 Qu\u00e9bec et \u00e0 Montr\u00e9al, 1844-1920 \u00bb. <\/p>\n\n\n\n<p><a href=\"https:\/\/www.youtube.com\/watch?v=-6gWDyXIjiU&amp;ab_channel=Institutd%27histoiredel%27Am%C3%A9riquefran%C3%A7aise\" target=\"_blank\" rel=\"noreferrer noopener\" aria-label=\"Visionner sa capsule (s\u2019ouvre dans un nouvel onglet)\">Visionner sa capsule<\/a><\/p>\n\n\n\n<p>Hubert Larose-Dutil, candidat \u00e0 la ma\u00eetrise \u00e0 l&rsquo;Universit\u00e9 d&rsquo;Ottawa, sous la direction de Marie-Claude Thifault, a quant \u00e0 lui abord\u00e9 les grandes lignes de son projet de ma\u00eetrise visant \u00e0 documenter l\u2019exp\u00e9rience d\u2019individus institutionnalis\u00e9s et vivant avec une d\u00e9ficience intellectuelle \u00e0\u00a0l\u2019aide de quatorze dossiers de patients ayant v\u00e9cu \u00e0 l\u2019H\u00f4pital psychiatrique de Qu\u00e9bec entre 1951 et 2000. <\/p>\n\n\n\n<p><a href=\"https:\/\/www.youtube.com\/watch?v=36ooCW17Vs4&amp;ab_channel=Institutd%27histoiredel%27Am%C3%A9riquefran%C3%A7aise\" target=\"_blank\" rel=\"noreferrer noopener\" aria-label=\"Visionner sa capsule (s\u2019ouvre dans un nouvel onglet)\">Visionner sa capsule<\/a> <\/p>\n\n\n\n<p>Finalement, la candidate au doctorat et charg\u00e9e de cours \u00e0 l&rsquo;Universit\u00e9 Sherbrooke, Andr\u00e9anne Lebrun, dirig\u00e9e par Louise Bienvenue, a abord\u00e9 son projet de th\u00e8se intitul\u00e9 \u00ab \u00c9cole, jeunesse et citoyennet\u00e9 : la formation des citoyens de demain \u00e0 l\u2019\u00e9cole secondaire catholique publique du Qu\u00e9bec (1956-1985) \u00bb. Ses recherches doctorales explorent les rapports \u00e9cole, jeunesse et citoyennet\u00e9 au cours du 20e si\u00e8cle au Qu\u00e9bec.&nbsp;<\/p>\n\n\n\n<p><a href=\"https:\/\/www.youtube.com\/watch?v=98Yp36DcWOo&amp;feature=youtu.be&amp;ab_channel=flshusherbrooke&amp;fbclid=IwAR2hLA-j2J2jSDRRbcHzMGewNVn_R8HNZEhzLvuMa3cqEFGbJpPV-Ap8_Xc\" target=\"_blank\" rel=\"noreferrer noopener\" aria-label=\"Visionner sa capsule (s\u2019ouvre dans un nouvel onglet)\">Visionner sa capsule<\/a> <\/p>\n","protected":false},"excerpt":{"rendered":"<p>Un peu plus t\u00f4t ce mois-ci, l&rsquo;Institut d&rsquo;histoire de l&rsquo;Am\u00e9rique fran\u00e7aise a convi\u00e9 des \u00e9tudiants et \u00e9tudiantes \u00e0 pr\u00e9senter leur recherche en 180 secondes. Parmi ces contributions, nous retrouvons trois&#8230;<\/p>\n","protected":false},"author":2,"featured_media":8546,"comment_status":"closed","ping_status":"closed","sticky":false,"template":"","format":"standard","meta":{"_monsterinsights_skip_tracking":false,"_monsterinsights_sitenote_active":false,"_monsterinsights_sitenote_note":"","_monsterinsights_sitenote_category":0,"footnotes":""},"categories":[3],"tags":[565,583,579],"class_list":["post-8545","post","type-post","status-publish","format-standard","has-post-thumbnail","hentry","category-actualites","tag-andreanne-lebrun","tag-hubert-larose-dutil","tag-julie-francoeur"],"_links":{"self":[{"href":"https:\/\/chrs-test.uqam.ca\/index.php\/wp-json\/wp\/v2\/posts\/8545","targetHints":{"allow":["GET"]}}],"collection":[{"href":"https:\/\/chrs-test.uqam.ca\/index.php\/wp-json\/wp\/v2\/posts"}],"about":[{"href":"https:\/\/chrs-test.uqam.ca\/index.php\/wp-json\/wp\/v2\/types\/post"}],"author":[{"embeddable":true,"href":"https:\/\/chrs-test.uqam.ca\/index.php\/wp-json\/wp\/v2\/users\/2"}],"replies":[{"embeddable":true,"href":"https:\/\/chrs-test.uqam.ca\/index.php\/wp-json\/wp\/v2\/comments?post=8545"}],"version-history":[{"count":0,"href":"https:\/\/chrs-test.uqam.ca\/index.php\/wp-json\/wp\/v2\/posts\/8545\/revisions"}],"wp:featuredmedia":[{"embeddable":true,"href":"https:\/\/chrs-test.uqam.ca\/index.php\/wp-json\/wp\/v2\/media\/8546"}],"wp:attachment":[{"href":"https:\/\/chrs-test.uqam.ca\/index.php\/wp-json\/wp\/v2\/media?parent=8545"}],"wp:term":[{"taxonomy":"category","embeddable":true,"href":"https:\/\/chrs-test.uqam.ca\/index.php\/wp-json\/wp\/v2\/categories?post=8545"},{"taxonomy":"post_tag","embeddable":true,"href":"https:\/\/chrs-test.uqam.ca\/index.php\/wp-json\/wp\/v2\/tags?post=8545"}],"curies":[{"name":"wp","href":"https:\/\/api.w.org\/{rel}","templated":true}]}}